{"id":1038,"date":"2022-04-07T10:09:00","date_gmt":"2022-04-07T08:09:00","guid":{"rendered":"http:\/\/bialydunajec.com.pl\/dla-turysty\/?p=1038"},"modified":"2022-04-21T11:41:46","modified_gmt":"2022-04-21T09:41:46","slug":"konkurs-na-wielkanocnom-kosolecke","status":"publish","type":"post","link":"http:\/\/bialydunajec.com.pl\/dla-turysty\/2022\/04\/07\/konkurs-na-wielkanocnom-kosolecke\/","title":{"rendered":"Konkurs na &#8222;Wielkanocnom Koso\u0142ecke&#8221;"},"content":{"rendered":"\n<p>Gminny O\u015brodek Kultury w Bia\u0142ym Dunajcu i Parafia Matki Bo\u017cej Kr\u00f3lowej Anio\u0142\u00f3w w Bia\u0142ym Dunajcu serdecznie zapraszaj\u0105 dzieci i rodzic\u00f3w do udzia\u0142u w XXV Konkursie na<strong> &#8222;Wielkanocnom Koso\u0142ecke&#8221;<\/strong> na najpi\u0119kniejszy i najbardziej zgodny z tradycj\u0105 koszyczek ze \u015bwi\u0119conym.<\/p>\n\n\n\n<p>Konkurs odb\u0119dzie si\u0119 w <strong>Wielk\u0105 Sobot\u0119, 16 kwietnia<\/strong> po \u015bwi\u0119ceniu pokarm\u00f3w o godzinie 12.00 przed ko\u015bcio\u0142em parafialnym w Bia\u0142ym Dunajcu. Jury dokonuj\u0105c oceny zwraca\u0107 b\u0119dzie uwag\u0119 w szczeg\u00f3lno\u015bci na: obecno\u015b\u0107 tradycyjnych pokarm\u00f3w \u015bwi\u0119conych na Podhalu, wygl\u0105d i wystr\u00f3j koszyczka oraz prezencj\u0119 uczestnika.<\/p>\n\n\n\n<p>Na najlepszych czekaj\u0105 nagrody, a dla wszystkich przewidziano dyplomy i upominki. Przypominamy, \u017ce do konkursu mog\u0105 przyst\u0105pi\u0107 <strong>jedynie dzieci ubrane w str\u00f3j g\u00f3ralski<\/strong>.<\/p>\n","protected":false},"excerpt":{"rendered":"<p>Gminny O\u015brodek Kultury w Bia\u0142ym Dunajcu i Parafia Matki Bo\u017cej Kr\u00f3lowej Anio\u0142\u00f3w w Bia\u0142ym Dunajcu serdecznie zapraszaj\u0105 dzieci i rodzic\u00f3w do udzia\u0142u w XXV Konkursie na &#8222;Wielkanocnom Koso\u0142ecke&#8221; na najpi\u0119kniejszy i najbardziej zgodny z tradycj\u0105 koszyczek ze \u015bwi\u0119conym. Konkurs odb\u0119dzie si\u0119 w Wielk\u0105 Sobot\u0119, 16 kwietnia po \u015bwi\u0119ceniu pokarm\u00f3w o godzinie 12.00 przed ko\u015bcio\u0142em parafialnym&#8230;<\/p>\n","protected":false},"author":5,"featured_media":1039,"comment_status":"open","ping_status":"open","sticky":false,"template":"","format":"standard","meta":{"footnotes":""},"categories":[1,43],"tags":[],"class_list":["post-1038","post","type-post","status-publish","format-standard","has-post-thumbnail","hentry","category-aktualnosci","category-wydarzenia-kulturalne"],"_links":{"self":[{"href":"http:\/\/bialydunajec.com.pl\/dla-turysty\/wp-json\/wp\/v2\/posts\/1038","targetHints":{"allow":["GET"]}}],"collection":[{"href":"http:\/\/bialydunajec.com.pl\/dla-turysty\/wp-json\/wp\/v2\/posts"}],"about":[{"href":"http:\/\/bialydunajec.com.pl\/dla-turysty\/wp-json\/wp\/v2\/types\/post"}],"author":[{"embeddable":true,"href":"http:\/\/bialydunajec.com.pl\/dla-turysty\/wp-json\/wp\/v2\/users\/5"}],"replies":[{"embeddable":true,"href":"http:\/\/bialydunajec.com.pl\/dla-turysty\/wp-json\/wp\/v2\/comments?post=1038"}],"version-history":[{"count":1,"href":"http:\/\/bialydunajec.com.pl\/dla-turysty\/wp-json\/wp\/v2\/posts\/1038\/revisions"}],"predecessor-version":[{"id":1040,"href":"http:\/\/bialydunajec.com.pl\/dla-turysty\/wp-json\/wp\/v2\/posts\/1038\/revisions\/1040"}],"wp:featuredmedia":[{"embeddable":true,"href":"http:\/\/bialydunajec.com.pl\/dla-turysty\/wp-json\/wp\/v2\/media\/1039"}],"wp:attachment":[{"href":"http:\/\/bialydunajec.com.pl\/dla-turysty\/wp-json\/wp\/v2\/media?parent=1038"}],"wp:term":[{"taxonomy":"category","embeddable":true,"href":"http:\/\/bialydunajec.com.pl\/dla-turysty\/wp-json\/wp\/v2\/categories?post=1038"},{"taxonomy":"post_tag","embeddable":true,"href":"http:\/\/bialydunajec.com.pl\/dla-turysty\/wp-json\/wp\/v2\/tags?post=1038"}],"curies":[{"name":"wp","href":"https:\/\/api.w.org\/{rel}","templated":true}]}}