{"id":1149,"date":"2022-05-10T23:09:28","date_gmt":"2022-05-10T21:09:28","guid":{"rendered":"http:\/\/bialydunajec.com.pl\/dla-turysty\/?p=1149"},"modified":"2022-05-10T23:10:50","modified_gmt":"2022-05-10T21:10:50","slug":"noc-tatrzanskich-gawed","status":"publish","type":"post","link":"http:\/\/bialydunajec.com.pl\/dla-turysty\/2022\/05\/10\/noc-tatrzanskich-gawed\/","title":{"rendered":"Noc Tatrza\u0144skich Gaw\u0119d"},"content":{"rendered":"\n<p>W najbli\u017cszy pi\u0105tek, 13 maja w siedzibie Tatrza\u0144skiej Agencji Rozwoju, Promocji i Kultury w Zakopanem odb\u0119dzie si\u0119 <a href=\"https:\/\/www.facebook.com\/events\/867419571324558\/?__cft__[0]=AZUr_TqMv6_8qSA9oUVh22unqg6PnlopgaEGGlYyxoNT-ynjcjKWJBShfKdj42ljJnLpG6K1YkoPCux7k2kOIRH_xn_fec8cESRGJS9vNRBCBfUSncKMHqbVTlDfZeK1D3H-hAb2_ZcezK0Ef1RA-1Qe40HRnEx_YvGZifAVvYu_MuxENGU5zPlCJQTRiDSZGN8&amp;__tn__=-UK-R\">Noc Tatrza\u0144skich Gaw\u0119d<\/a>.<\/p>\n\n\n\n<p>B\u0119dzie to podr\u00f3\u017c grani\u0105 czasu do dawnych g\u00f3rskich wypraw, podczas kt\u00f3rej zabrzmi\u0105 dawne historie i opowie\u015bci czytane przez szczeg\u00f3lnych go\u015bci przy d\u017awi\u0119kach regionalnej muzyki. Nasze oczy cieszy\u0107 b\u0119d\u0105 nie tylko ubrania g\u00f3ralskie ale r\u00f3wnie\u017c pi\u0119kne i stylowe suknie i kapelusze letniczek i letnik\u00f3w, kt\u00f3rzy odwiedzaj\u0105 Zakopane.<\/p>\n\n\n\n<p>W\u015br\u00f3d zaproszonych go\u015bci b\u0119d\u0105: <\/p>\n\n\n\n<ul class=\"wp-block-list\"><li>Dyrektor Gminnego O\u015brodka Kultury w Bia\u0142ym Dunajcu Bart\u0142omiej Kudasik<\/li><li>Dyrektor Bukowia\u0144skiego Centrum Kultury \u201eDom Ludowy\u201d Bart\u0142omiej Koszarek<\/li><li>Dyrektor Gminnego O\u015brodka Kultury Regionalnej Ko\u015bcielisko Ma\u0142gorzata Karpiel-Bzdyk<\/li><li>Dyrektor Gminnego O\u015brodka Kultury w Poroninie Anna Malacina-Karpiel<\/li><li>Naczelnik Wydzia\u0142u Kultury Urz\u0119du Miasta Zakopane Joanna Staszak<\/li><li>Dyrektor Tatrza\u0144skiej Agencji Rozwoju, Promocji i Kultury Helena Bu\u0144da<\/li><\/ul>\n\n\n\n<p>Miejsce: Zakopane, <strong>DW Jasny Pa\u0142ac<\/strong>, ul. Kazimierza Przerwy Tetmajera 24.<br>Data i godzina rozpocz\u0119cia: <strong>13 maja 2022 r., godz. 20:00<\/strong>. <br>Wst\u0119p wolny. Zapraszamy!<\/p>\n\n\n\n<p>Organizatorami wydarzenia s\u0105: Tatrza\u0144ska Agencja Rozwoju, Promocji i Kultury oraz Urz\u0105d Miasta w Zakopanem. Wydarzenie to wpisane jest w og\u00f3lnopolsk\u0105 akcj\u0119 Nocy Muze\u00f3w 2022.<\/p>\n\n\n\n<div style=\"height:15px\" aria-hidden=\"true\" class=\"wp-block-spacer\"><\/div>\n","protected":false},"excerpt":{"rendered":"<p>W najbli\u017cszy pi\u0105tek, 13 maja w siedzibie Tatrza\u0144skiej Agencji Rozwoju, Promocji i Kultury w Zakopanem odb\u0119dzie si\u0119 Noc Tatrza\u0144skich Gaw\u0119d. B\u0119dzie to podr\u00f3\u017c grani\u0105 czasu do dawnych g\u00f3rskich wypraw, podczas kt\u00f3rej zabrzmi\u0105 dawne historie i opowie\u015bci czytane przez szczeg\u00f3lnych go\u015bci przy d\u017awi\u0119kach regionalnej muzyki. Nasze oczy cieszy\u0107 b\u0119d\u0105 nie tylko ubrania g\u00f3ralskie ale r\u00f3wnie\u017c pi\u0119kne&#8230;<\/p>\n","protected":false},"author":5,"featured_media":1150,"comment_status":"open","ping_status":"open","sticky":false,"template":"","format":"standard","meta":{"footnotes":""},"categories":[1,43],"tags":[],"class_list":["post-1149","post","type-post","status-publish","format-standard","has-post-thumbnail","hentry","category-aktualnosci","category-wydarzenia-kulturalne"],"_links":{"self":[{"href":"http:\/\/bialydunajec.com.pl\/dla-turysty\/wp-json\/wp\/v2\/posts\/1149","targetHints":{"allow":["GET"]}}],"collection":[{"href":"http:\/\/bialydunajec.com.pl\/dla-turysty\/wp-json\/wp\/v2\/posts"}],"about":[{"href":"http:\/\/bialydunajec.com.pl\/dla-turysty\/wp-json\/wp\/v2\/types\/post"}],"author":[{"embeddable":true,"href":"http:\/\/bialydunajec.com.pl\/dla-turysty\/wp-json\/wp\/v2\/users\/5"}],"replies":[{"embeddable":true,"href":"http:\/\/bialydunajec.com.pl\/dla-turysty\/wp-json\/wp\/v2\/comments?post=1149"}],"version-history":[{"count":2,"href":"http:\/\/bialydunajec.com.pl\/dla-turysty\/wp-json\/wp\/v2\/posts\/1149\/revisions"}],"predecessor-version":[{"id":1152,"href":"http:\/\/bialydunajec.com.pl\/dla-turysty\/wp-json\/wp\/v2\/posts\/1149\/revisions\/1152"}],"wp:featuredmedia":[{"embeddable":true,"href":"http:\/\/bialydunajec.com.pl\/dla-turysty\/wp-json\/wp\/v2\/media\/1150"}],"wp:attachment":[{"href":"http:\/\/bialydunajec.com.pl\/dla-turysty\/wp-json\/wp\/v2\/media?parent=1149"}],"wp:term":[{"taxonomy":"category","embeddable":true,"href":"http:\/\/bialydunajec.com.pl\/dla-turysty\/wp-json\/wp\/v2\/categories?post=1149"},{"taxonomy":"post_tag","embeddable":true,"href":"http:\/\/bialydunajec.com.pl\/dla-turysty\/wp-json\/wp\/v2\/tags?post=1149"}],"curies":[{"name":"wp","href":"https:\/\/api.w.org\/{rel}","templated":true}]}}