{"id":1164,"date":"2022-03-24T11:52:00","date_gmt":"2022-03-24T10:52:00","guid":{"rendered":"http:\/\/bialydunajec.com.pl\/dla-turysty\/?p=1164"},"modified":"2022-05-11T16:37:16","modified_gmt":"2022-05-11T14:37:16","slug":"dunajeckie-granie","status":"publish","type":"post","link":"http:\/\/bialydunajec.com.pl\/dla-turysty\/2022\/03\/24\/dunajeckie-granie\/","title":{"rendered":"Dunajeckie Granie"},"content":{"rendered":"\n<p>Rozgrywki pi\u0142karskie po\u0142\u0105czone z wyst\u0119pami zespo\u0142\u00f3w regionalnych, zako\u0144czone zabaw\u0105 na wolnym powietrzu.<\/p>\n\n\n\n<p>Organizatorem imprezy jest LKS BIALI Bia\u0142y Dunajec.<\/p>\n\n\n\n<p>Termin: lipiec<\/p>\n\n\n\n<p>Miejsce: boisko sportowe przy ul. Ko\u015bciuszki<\/p>\n\n\n\n<p>Wydarzenie odbywa si\u0119 w ramach <strong>Tatrza\u0144skich Wici<\/strong> \u2013 cyklu imprez plenerowych organizowanych w okresie letnim na terenie Powiatu Tatrza\u0144skiego.<\/p>\n","protected":false},"excerpt":{"rendered":"<p>Rozgrywki pi\u0142karskie po\u0142\u0105czone z wyst\u0119pami zespo\u0142\u00f3w regionalnych, zako\u0144czone zabaw\u0105 na wolnym powietrzu. Organizatorem imprezy jest LKS BIALI Bia\u0142y Dunajec. Termin: lipiec Miejsce: boisko sportowe przy ul. Ko\u015bciuszki Wydarzenie odbywa si\u0119 w ramach Tatrza\u0144skich Wici \u2013 cyklu imprez plenerowych organizowanych w okresie letnim na terenie Powiatu Tatrza\u0144skiego.<\/p>\n","protected":false},"author":5,"featured_media":1165,"comment_status":"open","ping_status":"open","sticky":false,"template":"","format":"standard","meta":{"footnotes":""},"categories":[50],"tags":[],"class_list":["post-1164","post","type-post","status-publish","format-standard","has-post-thumbnail","hentry","category-imprezy-cykliczne"],"_links":{"self":[{"href":"http:\/\/bialydunajec.com.pl\/dla-turysty\/wp-json\/wp\/v2\/posts\/1164","targetHints":{"allow":["GET"]}}],"collection":[{"href":"http:\/\/bialydunajec.com.pl\/dla-turysty\/wp-json\/wp\/v2\/posts"}],"about":[{"href":"http:\/\/bialydunajec.com.pl\/dla-turysty\/wp-json\/wp\/v2\/types\/post"}],"author":[{"embeddable":true,"href":"http:\/\/bialydunajec.com.pl\/dla-turysty\/wp-json\/wp\/v2\/users\/5"}],"replies":[{"embeddable":true,"href":"http:\/\/bialydunajec.com.pl\/dla-turysty\/wp-json\/wp\/v2\/comments?post=1164"}],"version-history":[{"count":1,"href":"http:\/\/bialydunajec.com.pl\/dla-turysty\/wp-json\/wp\/v2\/posts\/1164\/revisions"}],"predecessor-version":[{"id":1166,"href":"http:\/\/bialydunajec.com.pl\/dla-turysty\/wp-json\/wp\/v2\/posts\/1164\/revisions\/1166"}],"wp:featuredmedia":[{"embeddable":true,"href":"http:\/\/bialydunajec.com.pl\/dla-turysty\/wp-json\/wp\/v2\/media\/1165"}],"wp:attachment":[{"href":"http:\/\/bialydunajec.com.pl\/dla-turysty\/wp-json\/wp\/v2\/media?parent=1164"}],"wp:term":[{"taxonomy":"category","embeddable":true,"href":"http:\/\/bialydunajec.com.pl\/dla-turysty\/wp-json\/wp\/v2\/categories?post=1164"},{"taxonomy":"post_tag","embeddable":true,"href":"http:\/\/bialydunajec.com.pl\/dla-turysty\/wp-json\/wp\/v2\/tags?post=1164"}],"curies":[{"name":"wp","href":"https:\/\/api.w.org\/{rel}","templated":true}]}}