{"id":1205,"date":"2022-05-31T19:50:32","date_gmt":"2022-05-31T17:50:32","guid":{"rendered":"http:\/\/bialydunajec.com.pl\/dla-turysty\/?p=1205"},"modified":"2022-05-31T19:57:15","modified_gmt":"2022-05-31T17:57:15","slug":"opera-goralska-pn-ojciec-swiety-jan-pawel-ii-na-podhalu","status":"publish","type":"post","link":"http:\/\/bialydunajec.com.pl\/dla-turysty\/2022\/05\/31\/opera-goralska-pn-ojciec-swiety-jan-pawel-ii-na-podhalu\/","title":{"rendered":"Opera G\u00f3ralska pn. \u201eOjciec \u015awi\u0119ty Jan Pawe\u0142 II na Podhalu\u201d"},"content":{"rendered":"\n<div style=\"height:20px\" aria-hidden=\"true\" class=\"wp-block-spacer\"><\/div>\n\n\n\n<p><strong>W zwi\u0105zku z obchodami 25. Rocznicy wizyty Jana Paw\u0142a II na Podhalu w dniu 5 czerwca 2022 roku o godzinie 19.30 na Dolnej R\u00f3wni Krupowej odb\u0119dzie si\u0119 widowisko s\u0142owno-muzyczne Opera G\u00f3ralska&nbsp;\u201eOjciec \u015awi\u0119ty Jan Pawe\u0142 II na Podhalu\u201d.<\/strong><\/p>\n\n\n\n<p>Widowisko sk\u0142ada si\u0119 z czterech akt\u00f3w, kt\u00f3re odgrywane s\u0105 w gwarze g\u00f3ralskiej. Wykonawcami opery s\u0105 zespo\u0142y regionalne, \u015bpiewacy,&nbsp;a tak\u017ce muzycy z 38 miejscowo\u015bci. Napisaniem libretta, do opery zaj\u0105\u0142 si\u0119 podhala\u0144ski poeta Franciszek \u0141ojas Ko\u015bla, kt\u00f3rego tw\u00f3rczo\u015b\u0107 odzwierciedla szczeg\u00f3lne przywi\u0105zanie artysty do rodzimej tradycji. Re\u017cyserem opery zosta\u0142 natomiast J\u00f3zef Pito\u0144, gaw\u0119dziarz, literat i niezast\u0105piony animator kultury regionalnej.<\/p>\n\n\n\n<p>Zwie\u0144czeniem Opery G\u00f3ralskiej b\u0119dzie rozpalenie \u201eWatry Tatrza\u0144skich Serc\u201d z udzia\u0142em organizator\u00f3w&nbsp; Tatrza\u0144skich Wici oraz wszystkich go\u015bci. Ognisko stanowi\u0107 b\u0119dzie symboliczn\u0105 pami\u0105tk\u0119 watr palonych w 2002 roku, kiedy to&nbsp; Papie\u017c Polak ostatni raz przelatywa\u0142 nad Tatrami. Istotnym elementem spotkania b\u0119dzie wsp\u00f3lne wy\u015bpiewanie \u201eBarki\u201d, kt\u00f3r\u0105 \u015bw. Jan Pawe\u0142 II Wielki w szczeg\u00f3lno\u015bci sobie upodoba\u0142.<\/p>\n\n\n\n<div style=\"height:15px\" aria-hidden=\"true\" class=\"wp-block-spacer\"><\/div>\n\n\n\n<figure class=\"wp-block-gallery has-nested-images columns-default is-cropped wp-block-gallery-1 is-layout-flex wp-block-gallery-is-layout-flex\">\n<figure class=\"wp-block-image size-full\"><a href=\"http:\/\/bialydunajec.com.pl\/dla-turysty\/wp-content\/uploads\/sites\/2\/2022\/05\/WATRA-TATRZANSKICH-SERC.jpg\" rel=\"lightbox[1205]\"><img loading=\"lazy\" decoding=\"async\" width=\"940\" height=\"788\" data-id=\"1206\" src=\"http:\/\/bialydunajec.com.pl\/dla-turysty\/wp-content\/uploads\/sites\/2\/2022\/05\/WATRA-TATRZANSKICH-SERC.jpg\" alt=\"\" class=\"wp-image-1206\" srcset=\"http:\/\/bialydunajec.com.pl\/dla-turysty\/wp-content\/uploads\/sites\/2\/2022\/05\/WATRA-TATRZANSKICH-SERC.jpg 940w, http:\/\/bialydunajec.com.pl\/dla-turysty\/wp-content\/uploads\/sites\/2\/2022\/05\/WATRA-TATRZANSKICH-SERC-805x675.jpg 805w\" sizes=\"auto, (max-width: 940px) 100vw, 940px\" \/><\/a><\/figure>\n<\/figure>\n\n\n\n<div style=\"height:20px\" aria-hidden=\"true\" class=\"wp-block-spacer\"><\/div>\n\n\n\n<figure class=\"wp-block-gallery has-nested-images columns-default is-cropped wp-block-gallery-2 is-layout-flex wp-block-gallery-is-layout-flex\">\n<figure class=\"wp-block-image size-full\"><a href=\"http:\/\/bialydunajec.com.pl\/dla-turysty\/wp-content\/uploads\/sites\/2\/2022\/05\/s.jpg\" rel=\"lightbox[1205]\"><img loading=\"lazy\" decoding=\"async\" width=\"1146\" height=\"185\" data-id=\"1210\" src=\"http:\/\/bialydunajec.com.pl\/dla-turysty\/wp-content\/uploads\/sites\/2\/2022\/05\/s.jpg\" alt=\"\" class=\"wp-image-1210\"\/><\/a><\/figure>\n<\/figure>\n","protected":false},"excerpt":{"rendered":"<p>W zwi\u0105zku z obchodami 25. Rocznicy wizyty Jana Paw\u0142a II na Podhalu w dniu 5 czerwca 2022 roku o godzinie 19.30 na Dolnej R\u00f3wni Krupowej odb\u0119dzie si\u0119 widowisko s\u0142owno-muzyczne Opera G\u00f3ralska&nbsp;\u201eOjciec \u015awi\u0119ty Jan Pawe\u0142 II na Podhalu\u201d. Widowisko sk\u0142ada si\u0119 z czterech akt\u00f3w, kt\u00f3re odgrywane s\u0105 w gwarze g\u00f3ralskiej. Wykonawcami opery s\u0105 zespo\u0142y regionalne, \u015bpiewacy,&nbsp;a&#8230;<\/p>\n","protected":false},"author":5,"featured_media":1207,"comment_status":"open","ping_status":"open","sticky":false,"template":"","format":"standard","meta":{"footnotes":""},"categories":[1,43],"tags":[],"class_list":["post-1205","post","type-post","status-publish","format-standard","has-post-thumbnail","hentry","category-aktualnosci","category-wydarzenia-kulturalne"],"_links":{"self":[{"href":"http:\/\/bialydunajec.com.pl\/dla-turysty\/wp-json\/wp\/v2\/posts\/1205","targetHints":{"allow":["GET"]}}],"collection":[{"href":"http:\/\/bialydunajec.com.pl\/dla-turysty\/wp-json\/wp\/v2\/posts"}],"about":[{"href":"http:\/\/bialydunajec.com.pl\/dla-turysty\/wp-json\/wp\/v2\/types\/post"}],"author":[{"embeddable":true,"href":"http:\/\/bialydunajec.com.pl\/dla-turysty\/wp-json\/wp\/v2\/users\/5"}],"replies":[{"embeddable":true,"href":"http:\/\/bialydunajec.com.pl\/dla-turysty\/wp-json\/wp\/v2\/comments?post=1205"}],"version-history":[{"count":4,"href":"http:\/\/bialydunajec.com.pl\/dla-turysty\/wp-json\/wp\/v2\/posts\/1205\/revisions"}],"predecessor-version":[{"id":1215,"href":"http:\/\/bialydunajec.com.pl\/dla-turysty\/wp-json\/wp\/v2\/posts\/1205\/revisions\/1215"}],"wp:featuredmedia":[{"embeddable":true,"href":"http:\/\/bialydunajec.com.pl\/dla-turysty\/wp-json\/wp\/v2\/media\/1207"}],"wp:attachment":[{"href":"http:\/\/bialydunajec.com.pl\/dla-turysty\/wp-json\/wp\/v2\/media?parent=1205"}],"wp:term":[{"taxonomy":"category","embeddable":true,"href":"http:\/\/bialydunajec.com.pl\/dla-turysty\/wp-json\/wp\/v2\/categories?post=1205"},{"taxonomy":"post_tag","embeddable":true,"href":"http:\/\/bialydunajec.com.pl\/dla-turysty\/wp-json\/wp\/v2\/tags?post=1205"}],"curies":[{"name":"wp","href":"https:\/\/api.w.org\/{rel}","templated":true}]}}