{"id":1222,"date":"2022-06-13T14:21:47","date_gmt":"2022-06-13T12:21:47","guid":{"rendered":"http:\/\/bialydunajec.com.pl\/dla-turysty\/?p=1222"},"modified":"2022-06-13T14:25:13","modified_gmt":"2022-06-13T12:25:13","slug":"wieczor-uwielbienia-w-bialym-dunajcu","status":"publish","type":"post","link":"http:\/\/bialydunajec.com.pl\/dla-turysty\/2022\/06\/13\/wieczor-uwielbienia-w-bialym-dunajcu\/","title":{"rendered":"&#8222;Wiecz\u00f3r Uwielbienia&#8221; w Bia\u0142ym Dunajcu"},"content":{"rendered":"\n<div style=\"height:20px\" aria-hidden=\"true\" class=\"wp-block-spacer\"><\/div>\n\n\n\n<p>16 czerwca, w uroczysto\u015b\u0107 Bo\u017cego Cia\u0142a pragniemy zaprosi\u0107 Pa\u0144stwa na wyj\u0105tkowe wydarzenie muzyczne pn. &#8222;Wiecz\u00f3r Uwielbienia&#8221; z udzia\u0142em Parafialnego Ch\u00f3ru &#8222;Kanto&#8221; z Bia\u0142ego Dunajca i zaproszonych go\u015bci &#8211; Marii Krawczyk Zi\u00f3\u0142kowskiej z zespo\u0142em &#8222;Ma\u0142e Wa\u017cne Sprawy&#8221;.<\/p>\n\n\n\n<p>Koncert odb\u0119dzie si\u0119 w ko\u015bciele parafialnym pod wezwaniem Matki Bo\u017cej Kr\u00f3lowej Anio\u0142\u00f3w w Bia\u0142ym Dunajcu, o godz. 19.00 (po wieczornej mszy \u015bwi\u0119tej).<\/p>\n\n\n\n<p>Gor\u0105co zach\u0119camy do licznego udzia\u0142u w tym wydarzeniu i wsp\u00f3lnego wychwalania Pana Boga poprzez muzyk\u0119, \u015bpiew i modlitw\u0119. Zapraszamy!<\/p>\n\n\n\n<div style=\"height:20px\" aria-hidden=\"true\" class=\"wp-block-spacer\"><\/div>\n\n\n\n<figure class=\"wp-block-gallery has-nested-images columns-default is-cropped wp-block-gallery-1 is-layout-flex wp-block-gallery-is-layout-flex\">\n<figure class=\"wp-block-image size-large\"><a href=\"http:\/\/bialydunajec.com.pl\/dla-turysty\/wp-content\/uploads\/sites\/2\/2022\/06\/koncert_uwielbienia_2022-1-scaled.jpg\" rel=\"lightbox[1222]\"><img loading=\"lazy\" decoding=\"async\" width=\"478\" height=\"675\" data-id=\"1226\" src=\"http:\/\/bialydunajec.com.pl\/dla-turysty\/wp-content\/uploads\/sites\/2\/2022\/06\/koncert_uwielbienia_2022-1-478x675.jpg\" alt=\"\" class=\"wp-image-1226\" srcset=\"http:\/\/bialydunajec.com.pl\/dla-turysty\/wp-content\/uploads\/sites\/2\/2022\/06\/koncert_uwielbienia_2022-1-478x675.jpg 478w, http:\/\/bialydunajec.com.pl\/dla-turysty\/wp-content\/uploads\/sites\/2\/2022\/06\/koncert_uwielbienia_2022-1-1087x1536.jpg 1087w, http:\/\/bialydunajec.com.pl\/dla-turysty\/wp-content\/uploads\/sites\/2\/2022\/06\/koncert_uwielbienia_2022-1-1449x2048.jpg 1449w, http:\/\/bialydunajec.com.pl\/dla-turysty\/wp-content\/uploads\/sites\/2\/2022\/06\/koncert_uwielbienia_2022-1-scaled.jpg 1811w\" sizes=\"auto, (max-width: 478px) 100vw, 478px\" \/><\/a><\/figure>\n<\/figure>\n","protected":false},"excerpt":{"rendered":"<p>16 czerwca, w uroczysto\u015b\u0107 Bo\u017cego Cia\u0142a pragniemy zaprosi\u0107 Pa\u0144stwa na wyj\u0105tkowe wydarzenie muzyczne pn. &#8222;Wiecz\u00f3r Uwielbienia&#8221; z udzia\u0142em Parafialnego Ch\u00f3ru &#8222;Kanto&#8221; z Bia\u0142ego Dunajca i zaproszonych go\u015bci &#8211; Marii Krawczyk Zi\u00f3\u0142kowskiej z zespo\u0142em &#8222;Ma\u0142e Wa\u017cne Sprawy&#8221;. Koncert odb\u0119dzie si\u0119 w ko\u015bciele parafialnym pod wezwaniem Matki Bo\u017cej Kr\u00f3lowej Anio\u0142\u00f3w w Bia\u0142ym Dunajcu, o godz. 19.00 (po&#8230;<\/p>\n","protected":false},"author":5,"featured_media":1223,"comment_status":"open","ping_status":"open","sticky":false,"template":"","format":"standard","meta":{"footnotes":""},"categories":[1,43],"tags":[],"class_list":["post-1222","post","type-post","status-publish","format-standard","has-post-thumbnail","hentry","category-aktualnosci","category-wydarzenia-kulturalne"],"_links":{"self":[{"href":"http:\/\/bialydunajec.com.pl\/dla-turysty\/wp-json\/wp\/v2\/posts\/1222","targetHints":{"allow":["GET"]}}],"collection":[{"href":"http:\/\/bialydunajec.com.pl\/dla-turysty\/wp-json\/wp\/v2\/posts"}],"about":[{"href":"http:\/\/bialydunajec.com.pl\/dla-turysty\/wp-json\/wp\/v2\/types\/post"}],"author":[{"embeddable":true,"href":"http:\/\/bialydunajec.com.pl\/dla-turysty\/wp-json\/wp\/v2\/users\/5"}],"replies":[{"embeddable":true,"href":"http:\/\/bialydunajec.com.pl\/dla-turysty\/wp-json\/wp\/v2\/comments?post=1222"}],"version-history":[{"count":2,"href":"http:\/\/bialydunajec.com.pl\/dla-turysty\/wp-json\/wp\/v2\/posts\/1222\/revisions"}],"predecessor-version":[{"id":1227,"href":"http:\/\/bialydunajec.com.pl\/dla-turysty\/wp-json\/wp\/v2\/posts\/1222\/revisions\/1227"}],"wp:featuredmedia":[{"embeddable":true,"href":"http:\/\/bialydunajec.com.pl\/dla-turysty\/wp-json\/wp\/v2\/media\/1223"}],"wp:attachment":[{"href":"http:\/\/bialydunajec.com.pl\/dla-turysty\/wp-json\/wp\/v2\/media?parent=1222"}],"wp:term":[{"taxonomy":"category","embeddable":true,"href":"http:\/\/bialydunajec.com.pl\/dla-turysty\/wp-json\/wp\/v2\/categories?post=1222"},{"taxonomy":"post_tag","embeddable":true,"href":"http:\/\/bialydunajec.com.pl\/dla-turysty\/wp-json\/wp\/v2\/tags?post=1222"}],"curies":[{"name":"wp","href":"https:\/\/api.w.org\/{rel}","templated":true}]}}