{"id":1622,"date":"2022-10-13T13:23:41","date_gmt":"2022-10-13T11:23:41","guid":{"rendered":"http:\/\/bialydunajec.com.pl\/dla-turysty\/?p=1622"},"modified":"2022-10-13T13:24:19","modified_gmt":"2022-10-13T11:24:19","slug":"konkurs-plastyczny-kurierzy-tatrzanscy-farba-i-kredka","status":"publish","type":"post","link":"http:\/\/bialydunajec.com.pl\/dla-turysty\/2022\/10\/13\/konkurs-plastyczny-kurierzy-tatrzanscy-farba-i-kredka\/","title":{"rendered":"Konkurs plastyczny &#8222;Kurierzy Tatrza\u0144scy farb\u0105 i kredk\u0105&#8221;"},"content":{"rendered":"\n<p>Muzeum Tatrza\u0144skie im. Dra Tytusa Cha\u0142ubi\u0144skiego w Zakopanem oraz Towarzystwo Inicjatyw Spo\u0142ecznych Kurierzy Tatrza\u0144scy zapraszaj\u0105 do udzia\u0142u w konkursie plastycznym <strong>&#8222;Kurierzy Tatrza\u0144scy farb\u0105 i kredk\u0105&#8221;<\/strong>.<\/p>\n\n\n\n<p>Przedmiotem konkursu jest wykonanie pracy plastycznej, kt\u00f3rej tematem s\u0105 Kurierzy Tatrza\u0144scy. Uczestnicy konkursu maj\u0105 za zadnie przedstawienie wybranej przez siebie historii, postaci b\u0105d\u017a wydarze\u0144 rozegranych w przesz\u0142o\u015bci, a dziej\u0105cych si\u0119 w okresie II wojny \u015bwiatowej, nierozerwalnie zwi\u0105zanych z postaciami Kurier\u00f3w Tatrza\u0144skich.<\/p>\n\n\n\n<p>Prace nale\u017cy sk\u0142ada\u0107 do dnia <strong>07.11.2022 r.<\/strong> w siedzibie Muzeum Tatrza\u0144skiego, ul. Droga na Koziniec 8. <br>Szczeg\u00f3\u0142owe informacje w poni\u017cszym regulaminie. <\/p>\n\n\n\n<div style=\"height:30px\" aria-hidden=\"true\" class=\"wp-block-spacer\"><\/div>\n","protected":false},"excerpt":{"rendered":"<p>Muzeum Tatrza\u0144skie im. Dra Tytusa Cha\u0142ubi\u0144skiego w Zakopanem oraz Towarzystwo Inicjatyw Spo\u0142ecznych Kurierzy Tatrza\u0144scy zapraszaj\u0105 do udzia\u0142u w konkursie plastycznym &#8222;Kurierzy Tatrza\u0144scy farb\u0105 i kredk\u0105&#8221;. Przedmiotem konkursu jest wykonanie pracy plastycznej, kt\u00f3rej tematem s\u0105 Kurierzy Tatrza\u0144scy. Uczestnicy konkursu maj\u0105 za zadnie przedstawienie wybranej przez siebie historii, postaci b\u0105d\u017a wydarze\u0144 rozegranych w przesz\u0142o\u015bci, a dziej\u0105cych si\u0119&#8230;<\/p>\n","protected":false},"author":5,"featured_media":1624,"comment_status":"closed","ping_status":"closed","sticky":false,"template":"","format":"standard","meta":{"footnotes":""},"categories":[1,43],"tags":[],"class_list":["post-1622","post","type-post","status-publish","format-standard","has-post-thumbnail","hentry","category-aktualnosci","category-wydarzenia-kulturalne"],"_links":{"self":[{"href":"http:\/\/bialydunajec.com.pl\/dla-turysty\/wp-json\/wp\/v2\/posts\/1622","targetHints":{"allow":["GET"]}}],"collection":[{"href":"http:\/\/bialydunajec.com.pl\/dla-turysty\/wp-json\/wp\/v2\/posts"}],"about":[{"href":"http:\/\/bialydunajec.com.pl\/dla-turysty\/wp-json\/wp\/v2\/types\/post"}],"author":[{"embeddable":true,"href":"http:\/\/bialydunajec.com.pl\/dla-turysty\/wp-json\/wp\/v2\/users\/5"}],"replies":[{"embeddable":true,"href":"http:\/\/bialydunajec.com.pl\/dla-turysty\/wp-json\/wp\/v2\/comments?post=1622"}],"version-history":[{"count":2,"href":"http:\/\/bialydunajec.com.pl\/dla-turysty\/wp-json\/wp\/v2\/posts\/1622\/revisions"}],"predecessor-version":[{"id":1627,"href":"http:\/\/bialydunajec.com.pl\/dla-turysty\/wp-json\/wp\/v2\/posts\/1622\/revisions\/1627"}],"wp:featuredmedia":[{"embeddable":true,"href":"http:\/\/bialydunajec.com.pl\/dla-turysty\/wp-json\/wp\/v2\/media\/1624"}],"wp:attachment":[{"href":"http:\/\/bialydunajec.com.pl\/dla-turysty\/wp-json\/wp\/v2\/media?parent=1622"}],"wp:term":[{"taxonomy":"category","embeddable":true,"href":"http:\/\/bialydunajec.com.pl\/dla-turysty\/wp-json\/wp\/v2\/categories?post=1622"},{"taxonomy":"post_tag","embeddable":true,"href":"http:\/\/bialydunajec.com.pl\/dla-turysty\/wp-json\/wp\/v2\/tags?post=1622"}],"curies":[{"name":"wp","href":"https:\/\/api.w.org\/{rel}","templated":true}]}}