{"id":1649,"date":"2022-10-13T14:05:50","date_gmt":"2022-10-13T12:05:50","guid":{"rendered":"http:\/\/bialydunajec.com.pl\/dla-turysty\/?p=1649"},"modified":"2022-10-13T14:07:58","modified_gmt":"2022-10-13T12:07:58","slug":"zajecia-dla-dzieci-i-mlodziezy-w-gminnym-osrodku-kultury-w-bialym-dunajcu","status":"publish","type":"post","link":"http:\/\/bialydunajec.com.pl\/dla-turysty\/2022\/10\/13\/zajecia-dla-dzieci-i-mlodziezy-w-gminnym-osrodku-kultury-w-bialym-dunajcu\/","title":{"rendered":"Zaj\u0119cia dla dzieci i m\u0142odzie\u017cy w Gminnym O\u015brodku Kultury w Bia\u0142ym Dunajcu"},"content":{"rendered":"\n<div style=\"height:20px\" aria-hidden=\"true\" class=\"wp-block-spacer\"><\/div>\n\n\n\n<p>Serdecznie zapraszamy do zapoznania si\u0119 z ofert\u0105 <strong>sta\u0142ych zaj\u0119\u0107 dla dzieci i m\u0142odzie\u017cy<\/strong> prowadzonych w Gminnym O\u015brodku Kultury w Bia\u0142ym Dunajcu.<\/p>\n\n\n\n<p>W roku szkolnym 2022\/23 proponujemy udzia\u0142 w zaj\u0119ciach z <strong>malarstwa na szkle, grafiki, ceramiki, garncarstwa, mozaiki i rze\u017aby<\/strong> w drewnie zgodnie z przyj\u0119tym harmonogramem. Wyjazdowe zaj\u0119cia plastyczne b\u0119d\u0105 odbywa\u0142y si\u0119 tak\u017ce w szko\u0142ach: w Gliczarowie Dolnym (w poniedzia\u0142ki i \u015brody, w godz. 12.00 &#8211; 15.00) i Sierockiem (we wtorki i czwartki, w godz. 12.35 &#8211; 15.00).<\/p>\n\n\n\n<p>Gor\u0105co zach\u0119camy do udzia\u0142u w tych zaj\u0119ciach!<\/p>\n\n\n\n<div style=\"height:20px\" aria-hidden=\"true\" class=\"wp-block-spacer\"><\/div>\n","protected":false},"excerpt":{"rendered":"<p>Serdecznie zapraszamy do zapoznania si\u0119 z ofert\u0105 sta\u0142ych zaj\u0119\u0107 dla dzieci i m\u0142odzie\u017cy prowadzonych w Gminnym O\u015brodku Kultury w Bia\u0142ym Dunajcu. W roku szkolnym 2022\/23 proponujemy udzia\u0142 w zaj\u0119ciach z malarstwa na szkle, grafiki, ceramiki, garncarstwa, mozaiki i rze\u017aby w drewnie zgodnie z przyj\u0119tym harmonogramem. Wyjazdowe zaj\u0119cia plastyczne b\u0119d\u0105 odbywa\u0142y si\u0119 tak\u017ce w szko\u0142ach: w&#8230;<\/p>\n","protected":false},"author":5,"featured_media":1650,"comment_status":"closed","ping_status":"closed","sticky":false,"template":"","format":"standard","meta":{"footnotes":""},"categories":[1,43],"tags":[],"class_list":["post-1649","post","type-post","status-publish","format-standard","has-post-thumbnail","hentry","category-aktualnosci","category-wydarzenia-kulturalne"],"_links":{"self":[{"href":"http:\/\/bialydunajec.com.pl\/dla-turysty\/wp-json\/wp\/v2\/posts\/1649","targetHints":{"allow":["GET"]}}],"collection":[{"href":"http:\/\/bialydunajec.com.pl\/dla-turysty\/wp-json\/wp\/v2\/posts"}],"about":[{"href":"http:\/\/bialydunajec.com.pl\/dla-turysty\/wp-json\/wp\/v2\/types\/post"}],"author":[{"embeddable":true,"href":"http:\/\/bialydunajec.com.pl\/dla-turysty\/wp-json\/wp\/v2\/users\/5"}],"replies":[{"embeddable":true,"href":"http:\/\/bialydunajec.com.pl\/dla-turysty\/wp-json\/wp\/v2\/comments?post=1649"}],"version-history":[{"count":2,"href":"http:\/\/bialydunajec.com.pl\/dla-turysty\/wp-json\/wp\/v2\/posts\/1649\/revisions"}],"predecessor-version":[{"id":1652,"href":"http:\/\/bialydunajec.com.pl\/dla-turysty\/wp-json\/wp\/v2\/posts\/1649\/revisions\/1652"}],"wp:featuredmedia":[{"embeddable":true,"href":"http:\/\/bialydunajec.com.pl\/dla-turysty\/wp-json\/wp\/v2\/media\/1650"}],"wp:attachment":[{"href":"http:\/\/bialydunajec.com.pl\/dla-turysty\/wp-json\/wp\/v2\/media?parent=1649"}],"wp:term":[{"taxonomy":"category","embeddable":true,"href":"http:\/\/bialydunajec.com.pl\/dla-turysty\/wp-json\/wp\/v2\/categories?post=1649"},{"taxonomy":"post_tag","embeddable":true,"href":"http:\/\/bialydunajec.com.pl\/dla-turysty\/wp-json\/wp\/v2\/tags?post=1649"}],"curies":[{"name":"wp","href":"https:\/\/api.w.org\/{rel}","templated":true}]}}