{"id":1829,"date":"2023-01-02T14:55:36","date_gmt":"2023-01-02T13:55:36","guid":{"rendered":"http:\/\/bialydunajec.com.pl\/dla-turysty\/?p=1829"},"modified":"2023-01-02T15:06:15","modified_gmt":"2023-01-02T14:06:15","slug":"konkurs-moja-babcia-i-moj-dziadek-dla-dzieci-i-mlodziezy-z-gminy-bialy-dunajec","status":"publish","type":"post","link":"http:\/\/bialydunajec.com.pl\/dla-turysty\/2023\/01\/02\/konkurs-moja-babcia-i-moj-dziadek-dla-dzieci-i-mlodziezy-z-gminy-bialy-dunajec\/","title":{"rendered":"Konkurs &#8222;Moja Babcia i M\u00f3j Dziadek&#8221; dla dzieci i m\u0142odzie\u017cy z Gminy Bia\u0142y Dunajec"},"content":{"rendered":"\n<p>Przed nami kolejna edycja konkursu pt. &#8222;MOJA BABCIA I M\u00d3J DZIADEK&#8221;, adresowanego do dzieci i m\u0142odzie\u017cy z Gminy Bia\u0142y Dunajec.<\/p>\n\n\n\n<p>Uczestnik\u00f3w konkursu prosimy o <strong>przygotowanie \u017cycze\u0144 dla swoich Bab\u0107 i Dziadk\u00f3w<\/strong> w postaci rysunku, wiersza lub nagrania wideo. Termin nadsy\u0142ania prac up\u0142ywa <strong>12 stycznia 2023<\/strong> roku. Szczeg\u00f3\u0142y w regulaminie dost\u0119pnym na stronach <a rel=\"noreferrer noopener\" href=\"http:\/\/www.gbpbialydunajec.pl\/?fbclid=IwAR3oFZRHs36F3aodgfCFEgTBzyGzGVpgH1WtCfql0IEcj4L7plwryV3Ripo\" target=\"_blank\">www.gbpbialydunajec.pl<\/a>, <a rel=\"noreferrer noopener\" href=\"http:\/\/www.gokbialydunajec.pl\/?fbclid=IwAR0qsY2aviKBDYFlNzNJpgFjnRvvTjrsTdE5TzTmOGeMAL_jzXQNbSuelNo\" target=\"_blank\">www.gokbialydunajec.pl.<\/a><\/p>\n\n\n\n<p>Gor\u0105co zach\u0119camy do udzia\u0142u w konkursie!<\/p>\n","protected":false},"excerpt":{"rendered":"<p>Przed nami kolejna edycja konkursu pt. &#8222;MOJA BABCIA I M\u00d3J DZIADEK&#8221;, adresowanego do dzieci i m\u0142odzie\u017cy z Gminy Bia\u0142y Dunajec. Uczestnik\u00f3w konkursu prosimy o przygotowanie \u017cycze\u0144 dla swoich Bab\u0107 i Dziadk\u00f3w w postaci rysunku, wiersza lub nagrania wideo. Termin nadsy\u0142ania prac up\u0142ywa 12 stycznia 2023 roku. Szczeg\u00f3\u0142y w regulaminie dost\u0119pnym na stronach www.gbpbialydunajec.pl, www.gokbialydunajec.pl. Gor\u0105co&#8230;<\/p>\n","protected":false},"author":5,"featured_media":1830,"comment_status":"closed","ping_status":"closed","sticky":false,"template":"","format":"standard","meta":{"footnotes":""},"categories":[1,43],"tags":[],"class_list":["post-1829","post","type-post","status-publish","format-standard","has-post-thumbnail","hentry","category-aktualnosci","category-wydarzenia-kulturalne"],"_links":{"self":[{"href":"http:\/\/bialydunajec.com.pl\/dla-turysty\/wp-json\/wp\/v2\/posts\/1829","targetHints":{"allow":["GET"]}}],"collection":[{"href":"http:\/\/bialydunajec.com.pl\/dla-turysty\/wp-json\/wp\/v2\/posts"}],"about":[{"href":"http:\/\/bialydunajec.com.pl\/dla-turysty\/wp-json\/wp\/v2\/types\/post"}],"author":[{"embeddable":true,"href":"http:\/\/bialydunajec.com.pl\/dla-turysty\/wp-json\/wp\/v2\/users\/5"}],"replies":[{"embeddable":true,"href":"http:\/\/bialydunajec.com.pl\/dla-turysty\/wp-json\/wp\/v2\/comments?post=1829"}],"version-history":[{"count":2,"href":"http:\/\/bialydunajec.com.pl\/dla-turysty\/wp-json\/wp\/v2\/posts\/1829\/revisions"}],"predecessor-version":[{"id":1832,"href":"http:\/\/bialydunajec.com.pl\/dla-turysty\/wp-json\/wp\/v2\/posts\/1829\/revisions\/1832"}],"wp:featuredmedia":[{"embeddable":true,"href":"http:\/\/bialydunajec.com.pl\/dla-turysty\/wp-json\/wp\/v2\/media\/1830"}],"wp:attachment":[{"href":"http:\/\/bialydunajec.com.pl\/dla-turysty\/wp-json\/wp\/v2\/media?parent=1829"}],"wp:term":[{"taxonomy":"category","embeddable":true,"href":"http:\/\/bialydunajec.com.pl\/dla-turysty\/wp-json\/wp\/v2\/categories?post=1829"},{"taxonomy":"post_tag","embeddable":true,"href":"http:\/\/bialydunajec.com.pl\/dla-turysty\/wp-json\/wp\/v2\/tags?post=1829"}],"curies":[{"name":"wp","href":"https:\/\/api.w.org\/{rel}","templated":true}]}}