{"id":320,"date":"2022-03-17T15:55:24","date_gmt":"2022-03-17T14:55:24","guid":{"rendered":"http:\/\/bialydunajec.com.pl\/dla-turysty\/?p=320"},"modified":"2022-03-17T21:44:52","modified_gmt":"2022-03-17T20:44:52","slug":"trasa-bialy-dunajec-zab-przez-przysiolek-tatary","status":"publish","type":"post","link":"http:\/\/bialydunajec.com.pl\/dla-turysty\/2022\/03\/17\/trasa-bialy-dunajec-zab-przez-przysiolek-tatary\/","title":{"rendered":"Trasa: Bia\u0142y Dunajec &#8211; Z\u0105b (przez przysi\u00f3\u0142ek Tatary)"},"content":{"rendered":"\n<p>Pocz\u0105tek tej jednej z najpi\u0119kniejszych widokowo tras na Podtatrzu mo\u017cemy umiejscowi\u0107 w okolicach most\u00f3w na Bia\u0142ym Dunajcu \u2013 drogowego i kolejowego. Charakterystyczne \u0142uki betonowego mostu, kt\u00f3ry zosta\u0142 oddany do u\u017cytku w latach 30. dwudziestego wieku zosta\u0142y zachowane w podobnej formie r\u00f3wnie\u017c w mo\u015bcie, kt\u00f3ry jest jego nast\u0119pc\u0105. To jeden z symboli miejscowo\u015bci \u2013 najwybitniejszy bia\u0142odunajecki artysta, W\u0142adys\u0142aw Trebunia Tutka wykorzysta\u0142 pejza\u017c z widokiem na przepraw\u0119 w projekcie medalu dla zas\u0142u\u017conych i honorowych obywateli gminy. Obydwa mosty maj\u0105 bardzo ciekaw\u0105 histori\u0119 \u2013 wysadzane przez Niemc\u00f3w, podmywane przez pow\u00f3d\u017a dzielnie \u0142\u0105cz\u0105 dwie cz\u0119\u015bci Bia\u0142ego Dunajca.<\/p>\n\n\n\n<figure class=\"wp-block-gallery has-nested-images columns-4 is-cropped wp-block-gallery-1 is-layout-flex wp-block-gallery-is-layout-flex\">\n<figure class=\"wp-block-image size-large is-style-default\"><a href=\"http:\/\/bialydunajec.com.pl\/dla-turysty\/wp-content\/uploads\/sites\/2\/2022\/03\/IMG_8821-scaled.jpg\" rel=\"lightbox[320]\"><img loading=\"lazy\" decoding=\"async\" width=\"2560\" height=\"1920\" data-id=\"323\" src=\"http:\/\/bialydunajec.com.pl\/dla-turysty\/wp-content\/uploads\/sites\/2\/2022\/03\/IMG_8821-scaled.jpg\" alt=\"\" class=\"wp-image-323\" srcset=\"http:\/\/bialydunajec.com.pl\/dla-turysty\/wp-content\/uploads\/sites\/2\/2022\/03\/IMG_8821-scaled.jpg 2560w, http:\/\/bialydunajec.com.pl\/dla-turysty\/wp-content\/uploads\/sites\/2\/2022\/03\/IMG_8821-900x675.jpg 900w, http:\/\/bialydunajec.com.pl\/dla-turysty\/wp-content\/uploads\/sites\/2\/2022\/03\/IMG_8821-1536x1152.jpg 1536w, http:\/\/bialydunajec.com.pl\/dla-turysty\/wp-content\/uploads\/sites\/2\/2022\/03\/IMG_8821-2048x1536.jpg 2048w\" sizes=\"auto, (max-width: 2560px) 100vw, 2560px\" \/><\/a><\/figure>\n\n\n\n<figure class=\"wp-block-image size-large is-style-default\"><a href=\"http:\/\/bialydunajec.com.pl\/dla-turysty\/wp-content\/uploads\/sites\/2\/2022\/03\/IMG_8826-scaled.jpg\" rel=\"lightbox[320]\"><img loading=\"lazy\" decoding=\"async\" width=\"1920\" height=\"2560\" data-id=\"324\" src=\"http:\/\/bialydunajec.com.pl\/dla-turysty\/wp-content\/uploads\/sites\/2\/2022\/03\/IMG_8826-scaled.jpg\" alt=\"\" class=\"wp-image-324\" srcset=\"http:\/\/bialydunajec.com.pl\/dla-turysty\/wp-content\/uploads\/sites\/2\/2022\/03\/IMG_8826-scaled.jpg 1920w, http:\/\/bialydunajec.com.pl\/dla-turysty\/wp-content\/uploads\/sites\/2\/2022\/03\/IMG_8826-506x675.jpg 506w, http:\/\/bialydunajec.com.pl\/dla-turysty\/wp-content\/uploads\/sites\/2\/2022\/03\/IMG_8826-1152x1536.jpg 1152w, http:\/\/bialydunajec.com.pl\/dla-turysty\/wp-content\/uploads\/sites\/2\/2022\/03\/IMG_8826-1536x2048.jpg 1536w\" sizes=\"auto, (max-width: 1920px) 100vw, 1920px\" \/><\/a><\/figure>\n\n\n\n<figure class=\"wp-block-image size-large is-style-default\"><a href=\"http:\/\/bialydunajec.com.pl\/dla-turysty\/wp-content\/uploads\/sites\/2\/2022\/03\/IMG_8812-2.jpg\" rel=\"lightbox[320]\"><img loading=\"lazy\" decoding=\"async\" width=\"1742\" height=\"2171\" data-id=\"321\" src=\"http:\/\/bialydunajec.com.pl\/dla-turysty\/wp-content\/uploads\/sites\/2\/2022\/03\/IMG_8812-2.jpg\" alt=\"\" class=\"wp-image-321\" srcset=\"http:\/\/bialydunajec.com.pl\/dla-turysty\/wp-content\/uploads\/sites\/2\/2022\/03\/IMG_8812-2.jpg 1742w, http:\/\/bialydunajec.com.pl\/dla-turysty\/wp-content\/uploads\/sites\/2\/2022\/03\/IMG_8812-2-542x675.jpg 542w, http:\/\/bialydunajec.com.pl\/dla-turysty\/wp-content\/uploads\/sites\/2\/2022\/03\/IMG_8812-2-1232x1536.jpg 1232w, http:\/\/bialydunajec.com.pl\/dla-turysty\/wp-content\/uploads\/sites\/2\/2022\/03\/IMG_8812-2-1643x2048.jpg 1643w\" sizes=\"auto, (max-width: 1742px) 100vw, 1742px\" \/><\/a><\/figure>\n\n\n\n<figure class=\"wp-block-image size-large is-style-default\"><a href=\"http:\/\/bialydunajec.com.pl\/dla-turysty\/wp-content\/uploads\/sites\/2\/2022\/03\/IMG_8817-scaled.jpg\" rel=\"lightbox[320]\"><img loading=\"lazy\" decoding=\"async\" width=\"1920\" height=\"2560\" data-id=\"322\" src=\"http:\/\/bialydunajec.com.pl\/dla-turysty\/wp-content\/uploads\/sites\/2\/2022\/03\/IMG_8817-scaled.jpg\" alt=\"\" class=\"wp-image-322\" srcset=\"http:\/\/bialydunajec.com.pl\/dla-turysty\/wp-content\/uploads\/sites\/2\/2022\/03\/IMG_8817-scaled.jpg 1920w, http:\/\/bialydunajec.com.pl\/dla-turysty\/wp-content\/uploads\/sites\/2\/2022\/03\/IMG_8817-506x675.jpg 506w, http:\/\/bialydunajec.com.pl\/dla-turysty\/wp-content\/uploads\/sites\/2\/2022\/03\/IMG_8817-1152x1536.jpg 1152w, http:\/\/bialydunajec.com.pl\/dla-turysty\/wp-content\/uploads\/sites\/2\/2022\/03\/IMG_8817-1536x2048.jpg 1536w\" sizes=\"auto, (max-width: 1920px) 100vw, 1920px\" \/><\/a><\/figure>\n<\/figure>\n\n\n\n<p>Wyruszamy ulic\u0105 gen. Galicy, mijaj\u0105c kilka zachowanych budynk\u00f3w w tradycyjnym podhala\u0144skim stylu. Po ok. 600 metrach skr\u0119camy ostro w prawo w ulic\u0119 Stefana Batorego. Przez nast\u0119pne niemal dwa kilometry idziemy drog\u0105 asfaltow\u0105, pokonuj\u0105c spore wzniesienie \u2013 wysi\u0142ek nagradzaj\u0105 nam widoki na dolin\u0119 Dunajca i Bustryk.<\/p>\n\n\n\n<div style=\"height:10px\" aria-hidden=\"true\" class=\"wp-block-spacer\"><\/div>\n\n\n\n<figure class=\"wp-block-gallery has-nested-images columns-default is-cropped wp-block-gallery-2 is-layout-flex wp-block-gallery-is-layout-flex\">\n<figure class=\"wp-block-image size-large is-style-default\"><a href=\"http:\/\/bialydunajec.com.pl\/dla-turysty\/wp-content\/uploads\/sites\/2\/2022\/03\/IMG_8755-scaled.jpg\" rel=\"lightbox[320]\"><img loading=\"lazy\" decoding=\"async\" width=\"1920\" height=\"2560\" data-id=\"325\" src=\"http:\/\/bialydunajec.com.pl\/dla-turysty\/wp-content\/uploads\/sites\/2\/2022\/03\/IMG_8755-scaled.jpg\" alt=\"\" class=\"wp-image-325\" srcset=\"http:\/\/bialydunajec.com.pl\/dla-turysty\/wp-content\/uploads\/sites\/2\/2022\/03\/IMG_8755-scaled.jpg 1920w, http:\/\/bialydunajec.com.pl\/dla-turysty\/wp-content\/uploads\/sites\/2\/2022\/03\/IMG_8755-506x675.jpg 506w, http:\/\/bialydunajec.com.pl\/dla-turysty\/wp-content\/uploads\/sites\/2\/2022\/03\/IMG_8755-1152x1536.jpg 1152w, http:\/\/bialydunajec.com.pl\/dla-turysty\/wp-content\/uploads\/sites\/2\/2022\/03\/IMG_8755-1536x2048.jpg 1536w\" sizes=\"auto, (max-width: 1920px) 100vw, 1920px\" \/><\/a><\/figure>\n\n\n\n<figure class=\"wp-block-image size-large is-style-default\"><a href=\"http:\/\/bialydunajec.com.pl\/dla-turysty\/wp-content\/uploads\/sites\/2\/2022\/03\/IMG_8785-scaled.jpg\" rel=\"lightbox[320]\"><img loading=\"lazy\" decoding=\"async\" width=\"2560\" height=\"1920\" data-id=\"326\" src=\"http:\/\/bialydunajec.com.pl\/dla-turysty\/wp-content\/uploads\/sites\/2\/2022\/03\/IMG_8785-scaled.jpg\" alt=\"\" class=\"wp-image-326\" srcset=\"http:\/\/bialydunajec.com.pl\/dla-turysty\/wp-content\/uploads\/sites\/2\/2022\/03\/IMG_8785-scaled.jpg 2560w, http:\/\/bialydunajec.com.pl\/dla-turysty\/wp-content\/uploads\/sites\/2\/2022\/03\/IMG_8785-900x675.jpg 900w, http:\/\/bialydunajec.com.pl\/dla-turysty\/wp-content\/uploads\/sites\/2\/2022\/03\/IMG_8785-1536x1152.jpg 1536w, http:\/\/bialydunajec.com.pl\/dla-turysty\/wp-content\/uploads\/sites\/2\/2022\/03\/IMG_8785-2048x1536.jpg 2048w\" sizes=\"auto, (max-width: 2560px) 100vw, 2560px\" \/><\/a><\/figure>\n\n\n\n<figure class=\"wp-block-image size-large is-style-default\"><a href=\"http:\/\/bialydunajec.com.pl\/dla-turysty\/wp-content\/uploads\/sites\/2\/2022\/03\/IMG_8793-scaled.jpg\" rel=\"lightbox[320]\"><img loading=\"lazy\" decoding=\"async\" width=\"1920\" height=\"2560\" data-id=\"327\" src=\"http:\/\/bialydunajec.com.pl\/dla-turysty\/wp-content\/uploads\/sites\/2\/2022\/03\/IMG_8793-scaled.jpg\" alt=\"\" class=\"wp-image-327\" srcset=\"http:\/\/bialydunajec.com.pl\/dla-turysty\/wp-content\/uploads\/sites\/2\/2022\/03\/IMG_8793-scaled.jpg 1920w, http:\/\/bialydunajec.com.pl\/dla-turysty\/wp-content\/uploads\/sites\/2\/2022\/03\/IMG_8793-506x675.jpg 506w, http:\/\/bialydunajec.com.pl\/dla-turysty\/wp-content\/uploads\/sites\/2\/2022\/03\/IMG_8793-1152x1536.jpg 1152w, http:\/\/bialydunajec.com.pl\/dla-turysty\/wp-content\/uploads\/sites\/2\/2022\/03\/IMG_8793-1536x2048.jpg 1536w\" sizes=\"auto, (max-width: 1920px) 100vw, 1920px\" \/><\/a><\/figure>\n\n\n\n<figure class=\"wp-block-image size-large is-style-default\"><a href=\"http:\/\/bialydunajec.com.pl\/dla-turysty\/wp-content\/uploads\/sites\/2\/2022\/03\/IMG_8798-scaled.jpg\" rel=\"lightbox[320]\"><img loading=\"lazy\" decoding=\"async\" width=\"2560\" height=\"1920\" data-id=\"328\" src=\"http:\/\/bialydunajec.com.pl\/dla-turysty\/wp-content\/uploads\/sites\/2\/2022\/03\/IMG_8798-scaled.jpg\" alt=\"\" class=\"wp-image-328\" srcset=\"http:\/\/bialydunajec.com.pl\/dla-turysty\/wp-content\/uploads\/sites\/2\/2022\/03\/IMG_8798-scaled.jpg 2560w, http:\/\/bialydunajec.com.pl\/dla-turysty\/wp-content\/uploads\/sites\/2\/2022\/03\/IMG_8798-900x675.jpg 900w, http:\/\/bialydunajec.com.pl\/dla-turysty\/wp-content\/uploads\/sites\/2\/2022\/03\/IMG_8798-1536x1152.jpg 1536w, http:\/\/bialydunajec.com.pl\/dla-turysty\/wp-content\/uploads\/sites\/2\/2022\/03\/IMG_8798-2048x1536.jpg 2048w\" sizes=\"auto, (max-width: 2560px) 100vw, 2560px\" \/><\/a><\/figure>\n\n\n\n<figure class=\"wp-block-image size-large is-style-default\"><a href=\"http:\/\/bialydunajec.com.pl\/dla-turysty\/wp-content\/uploads\/sites\/2\/2022\/03\/IMG_8804-scaled.jpg\" rel=\"lightbox[320]\"><img loading=\"lazy\" decoding=\"async\" width=\"1920\" height=\"2560\" data-id=\"329\" src=\"http:\/\/bialydunajec.com.pl\/dla-turysty\/wp-content\/uploads\/sites\/2\/2022\/03\/IMG_8804-scaled.jpg\" alt=\"\" class=\"wp-image-329\" srcset=\"http:\/\/bialydunajec.com.pl\/dla-turysty\/wp-content\/uploads\/sites\/2\/2022\/03\/IMG_8804-scaled.jpg 1920w, http:\/\/bialydunajec.com.pl\/dla-turysty\/wp-content\/uploads\/sites\/2\/2022\/03\/IMG_8804-506x675.jpg 506w, http:\/\/bialydunajec.com.pl\/dla-turysty\/wp-content\/uploads\/sites\/2\/2022\/03\/IMG_8804-1152x1536.jpg 1152w, http:\/\/bialydunajec.com.pl\/dla-turysty\/wp-content\/uploads\/sites\/2\/2022\/03\/IMG_8804-1536x2048.jpg 1536w\" sizes=\"auto, (max-width: 1920px) 100vw, 1920px\" \/><\/a><\/figure>\n<\/figure>\n\n\n\n<p>Docieramy do bia\u0142odunajeckiego przysi\u00f3\u0142ka Tatary \u2013 st\u0105d pochodzili przodkowie genera\u0142a Galicy, tu urodzi\u0142a si\u0119 i mieszka\u0142a wybitna g\u00f3ralska poetka Zofia Graca Gobera. Mijamy kilka starych drewnianych dom\u00f3w, w tym najlepiej chyba zachowany tego typu obiekt w Bia\u0142ym Dunajcu \u2013 dawny dom rodziny Gander\u00f3w.<\/p>\n\n\n\n<figure class=\"wp-block-gallery has-nested-images columns-default is-cropped wp-block-gallery-3 is-layout-flex wp-block-gallery-is-layout-flex\">\n<figure class=\"wp-block-image size-large is-style-default\"><a href=\"http:\/\/bialydunajec.com.pl\/dla-turysty\/wp-content\/uploads\/sites\/2\/2022\/03\/IMG_8727-scaled.jpg\" rel=\"lightbox[320]\"><img loading=\"lazy\" decoding=\"async\" width=\"2560\" height=\"1920\" data-id=\"334\" src=\"http:\/\/bialydunajec.com.pl\/dla-turysty\/wp-content\/uploads\/sites\/2\/2022\/03\/IMG_8727-scaled.jpg\" alt=\"\" class=\"wp-image-334\" srcset=\"http:\/\/bialydunajec.com.pl\/dla-turysty\/wp-content\/uploads\/sites\/2\/2022\/03\/IMG_8727-scaled.jpg 2560w, http:\/\/bialydunajec.com.pl\/dla-turysty\/wp-content\/uploads\/sites\/2\/2022\/03\/IMG_8727-900x675.jpg 900w, http:\/\/bialydunajec.com.pl\/dla-turysty\/wp-content\/uploads\/sites\/2\/2022\/03\/IMG_8727-1536x1152.jpg 1536w, http:\/\/bialydunajec.com.pl\/dla-turysty\/wp-content\/uploads\/sites\/2\/2022\/03\/IMG_8727-2048x1536.jpg 2048w\" sizes=\"auto, (max-width: 2560px) 100vw, 2560px\" \/><\/a><\/figure>\n<\/figure>\n\n\n\n<p>Przed pensjonatem \u201eGalic\u00f3wka na G\u00f3rce\u201d porzucamy asfalt i skr\u0119camy pod g\u00f3r\u0119 w prawo \u2013 od tego miejsca szlak prowadzi\u0142 nas b\u0119dzie drog\u0105 poln\u0105. Po lewej zaczyna wy\u0142ania\u0107 si\u0119 przepi\u0119kna panorama Tatr, od Hawrania po Tatry Zachodnie. Docieramy do niepozornej kapliczki umiejscowionej \u2013 jak to cz\u0119sto bywa\u0142o &#8211; na granicy. Atei\u015bci i agnostycy mog\u0105 si\u0119 zach\u0142ysn\u0105\u0107 cisz\u0105 i widokami, wierz\u0105cy powinni si\u0119 pomodli\u0107 \u2013 w ko\u0144cu opuszczamy teren gminy Bia\u0142y Dunajec (zaryzykowali\u015bmy to zdanie znaj\u0105c wybitne poczucie humoru s\u0105siad\u00f3w z gminy Poronin).<\/p>\n\n\n\n<div style=\"height:10px\" aria-hidden=\"true\" class=\"wp-block-spacer\"><\/div>\n\n\n\n<figure class=\"wp-block-gallery has-nested-images columns-4 is-cropped wp-block-gallery-4 is-layout-flex wp-block-gallery-is-layout-flex\">\n<figure class=\"wp-block-image size-large is-style-default\"><a href=\"http:\/\/bialydunajec.com.pl\/dla-turysty\/wp-content\/uploads\/sites\/2\/2022\/03\/IMG_8715-scaled.jpg\" rel=\"lightbox[320]\"><img loading=\"lazy\" decoding=\"async\" width=\"1920\" height=\"2560\" data-id=\"333\" src=\"http:\/\/bialydunajec.com.pl\/dla-turysty\/wp-content\/uploads\/sites\/2\/2022\/03\/IMG_8715-scaled.jpg\" alt=\"\" class=\"wp-image-333\" srcset=\"http:\/\/bialydunajec.com.pl\/dla-turysty\/wp-content\/uploads\/sites\/2\/2022\/03\/IMG_8715-scaled.jpg 1920w, http:\/\/bialydunajec.com.pl\/dla-turysty\/wp-content\/uploads\/sites\/2\/2022\/03\/IMG_8715-506x675.jpg 506w, http:\/\/bialydunajec.com.pl\/dla-turysty\/wp-content\/uploads\/sites\/2\/2022\/03\/IMG_8715-1152x1536.jpg 1152w, http:\/\/bialydunajec.com.pl\/dla-turysty\/wp-content\/uploads\/sites\/2\/2022\/03\/IMG_8715-1536x2048.jpg 1536w\" sizes=\"auto, (max-width: 1920px) 100vw, 1920px\" \/><\/a><\/figure>\n\n\n\n<figure class=\"wp-block-image size-large is-style-default\"><a href=\"http:\/\/bialydunajec.com.pl\/dla-turysty\/wp-content\/uploads\/sites\/2\/2022\/03\/IMG_8672-scaled.jpg\" rel=\"lightbox[320]\"><img loading=\"lazy\" decoding=\"async\" width=\"1920\" height=\"2560\" data-id=\"332\" src=\"http:\/\/bialydunajec.com.pl\/dla-turysty\/wp-content\/uploads\/sites\/2\/2022\/03\/IMG_8672-scaled.jpg\" alt=\"\" class=\"wp-image-332\" srcset=\"http:\/\/bialydunajec.com.pl\/dla-turysty\/wp-content\/uploads\/sites\/2\/2022\/03\/IMG_8672-scaled.jpg 1920w, http:\/\/bialydunajec.com.pl\/dla-turysty\/wp-content\/uploads\/sites\/2\/2022\/03\/IMG_8672-506x675.jpg 506w, http:\/\/bialydunajec.com.pl\/dla-turysty\/wp-content\/uploads\/sites\/2\/2022\/03\/IMG_8672-1152x1536.jpg 1152w, http:\/\/bialydunajec.com.pl\/dla-turysty\/wp-content\/uploads\/sites\/2\/2022\/03\/IMG_8672-1536x2048.jpg 1536w\" sizes=\"auto, (max-width: 1920px) 100vw, 1920px\" \/><\/a><\/figure>\n\n\n\n<figure class=\"wp-block-image size-large is-style-default\"><a href=\"http:\/\/bialydunajec.com.pl\/dla-turysty\/wp-content\/uploads\/sites\/2\/2022\/03\/IMG_8636-scaled.jpg\" rel=\"lightbox[320]\"><img loading=\"lazy\" decoding=\"async\" width=\"1920\" height=\"2560\" data-id=\"330\" src=\"http:\/\/bialydunajec.com.pl\/dla-turysty\/wp-content\/uploads\/sites\/2\/2022\/03\/IMG_8636-scaled.jpg\" alt=\"\" class=\"wp-image-330\" srcset=\"http:\/\/bialydunajec.com.pl\/dla-turysty\/wp-content\/uploads\/sites\/2\/2022\/03\/IMG_8636-scaled.jpg 1920w, http:\/\/bialydunajec.com.pl\/dla-turysty\/wp-content\/uploads\/sites\/2\/2022\/03\/IMG_8636-506x675.jpg 506w, http:\/\/bialydunajec.com.pl\/dla-turysty\/wp-content\/uploads\/sites\/2\/2022\/03\/IMG_8636-1152x1536.jpg 1152w, http:\/\/bialydunajec.com.pl\/dla-turysty\/wp-content\/uploads\/sites\/2\/2022\/03\/IMG_8636-1536x2048.jpg 1536w\" sizes=\"auto, (max-width: 1920px) 100vw, 1920px\" \/><\/a><\/figure>\n\n\n\n<figure class=\"wp-block-image size-large is-style-default\"><a href=\"http:\/\/bialydunajec.com.pl\/dla-turysty\/wp-content\/uploads\/sites\/2\/2022\/03\/IMG_8601-scaled.jpg\" rel=\"lightbox[320]\"><img loading=\"lazy\" decoding=\"async\" width=\"900\" height=\"675\" data-id=\"343\" src=\"http:\/\/bialydunajec.com.pl\/dla-turysty\/wp-content\/uploads\/sites\/2\/2022\/03\/IMG_8601-900x675.jpg\" alt=\"\" class=\"wp-image-343\" srcset=\"http:\/\/bialydunajec.com.pl\/dla-turysty\/wp-content\/uploads\/sites\/2\/2022\/03\/IMG_8601-900x675.jpg 900w, http:\/\/bialydunajec.com.pl\/dla-turysty\/wp-content\/uploads\/sites\/2\/2022\/03\/IMG_8601-1536x1152.jpg 1536w, http:\/\/bialydunajec.com.pl\/dla-turysty\/wp-content\/uploads\/sites\/2\/2022\/03\/IMG_8601-2048x1536.jpg 2048w\" sizes=\"auto, (max-width: 900px) 100vw, 900px\" \/><\/a><\/figure>\n<\/figure>\n\n\n\n<div style=\"height:10px\" aria-hidden=\"true\" class=\"wp-block-spacer\"><\/div>\n\n\n\n<p>Od tego miejsca droga wznosi si\u0119 do\u015b\u0107 \u0142agodnie w kierunku najwy\u017cej po\u0142o\u017conej parafii w Polsce \u2013 Z\u0119bu. Widoki osza\u0142amiaj\u0105ce, z lewej Tatry w ca\u0142ej okaza\u0142o\u015bci, z prawej pasma, na kt\u00f3rych przycupn\u0119\u0142y wsie Bustryk, Sierockie, Ba\u0144ska G\u00f3rna. W sezonie letnim spotkamy krowy, owce, siano w postaci tradycyjnych k\u00f3p b\u0105d\u017a nowoczesnych \u201ebali\u201d. Innym symbolem wsp\u00f3\u0142czesno\u015bci jest chroniony wysokim p\u0142otem budynek z instrumentarium nawiguj\u0105cym dla lotnictwa. Niezmienny za to jest cel naszej w\u0119dr\u00f3wki \u2013 jeden z najpi\u0119kniej chyba po\u0142o\u017conych w naszym kraju cmentarzy, z kilkoma pi\u0119knymi nagrobkami i krzy\u017cami.<\/p>\n\n\n\n<div style=\"height:10px\" aria-hidden=\"true\" class=\"wp-block-spacer\"><\/div>\n\n\n\n<figure class=\"wp-block-gallery has-nested-images columns-4 is-cropped wp-block-gallery-5 is-layout-flex wp-block-gallery-is-layout-flex\">\n<figure class=\"wp-block-image size-large is-style-default\"><a href=\"http:\/\/bialydunajec.com.pl\/dla-turysty\/wp-content\/uploads\/sites\/2\/2022\/03\/IMG_8548-scaled.jpg\" rel=\"lightbox[320]\"><img loading=\"lazy\" decoding=\"async\" width=\"2560\" height=\"1920\" data-id=\"341\" src=\"http:\/\/bialydunajec.com.pl\/dla-turysty\/wp-content\/uploads\/sites\/2\/2022\/03\/IMG_8548-scaled.jpg\" alt=\"\" class=\"wp-image-341\" srcset=\"http:\/\/bialydunajec.com.pl\/dla-turysty\/wp-content\/uploads\/sites\/2\/2022\/03\/IMG_8548-scaled.jpg 2560w, http:\/\/bialydunajec.com.pl\/dla-turysty\/wp-content\/uploads\/sites\/2\/2022\/03\/IMG_8548-900x675.jpg 900w, http:\/\/bialydunajec.com.pl\/dla-turysty\/wp-content\/uploads\/sites\/2\/2022\/03\/IMG_8548-1536x1152.jpg 1536w, http:\/\/bialydunajec.com.pl\/dla-turysty\/wp-content\/uploads\/sites\/2\/2022\/03\/IMG_8548-2048x1536.jpg 2048w\" sizes=\"auto, (max-width: 2560px) 100vw, 2560px\" \/><\/a><\/figure>\n\n\n\n<figure class=\"wp-block-image size-large is-style-default\"><a href=\"http:\/\/bialydunajec.com.pl\/dla-turysty\/wp-content\/uploads\/sites\/2\/2022\/03\/IMG_8530-scaled.jpg\" rel=\"lightbox[320]\"><img loading=\"lazy\" decoding=\"async\" width=\"2560\" height=\"1920\" data-id=\"339\" src=\"http:\/\/bialydunajec.com.pl\/dla-turysty\/wp-content\/uploads\/sites\/2\/2022\/03\/IMG_8530-scaled.jpg\" alt=\"\" class=\"wp-image-339\" srcset=\"http:\/\/bialydunajec.com.pl\/dla-turysty\/wp-content\/uploads\/sites\/2\/2022\/03\/IMG_8530-scaled.jpg 2560w, http:\/\/bialydunajec.com.pl\/dla-turysty\/wp-content\/uploads\/sites\/2\/2022\/03\/IMG_8530-900x675.jpg 900w, http:\/\/bialydunajec.com.pl\/dla-turysty\/wp-content\/uploads\/sites\/2\/2022\/03\/IMG_8530-1536x1152.jpg 1536w, http:\/\/bialydunajec.com.pl\/dla-turysty\/wp-content\/uploads\/sites\/2\/2022\/03\/IMG_8530-2048x1536.jpg 2048w\" sizes=\"auto, (max-width: 2560px) 100vw, 2560px\" \/><\/a><\/figure>\n\n\n\n<figure class=\"wp-block-image size-large is-style-default\"><a href=\"http:\/\/bialydunajec.com.pl\/dla-turysty\/wp-content\/uploads\/sites\/2\/2022\/03\/IMG_8514-scaled.jpg\" rel=\"lightbox[320]\"><img loading=\"lazy\" decoding=\"async\" width=\"2560\" height=\"1920\" data-id=\"338\" src=\"http:\/\/bialydunajec.com.pl\/dla-turysty\/wp-content\/uploads\/sites\/2\/2022\/03\/IMG_8514-scaled.jpg\" alt=\"\" class=\"wp-image-338\" srcset=\"http:\/\/bialydunajec.com.pl\/dla-turysty\/wp-content\/uploads\/sites\/2\/2022\/03\/IMG_8514-scaled.jpg 2560w, http:\/\/bialydunajec.com.pl\/dla-turysty\/wp-content\/uploads\/sites\/2\/2022\/03\/IMG_8514-900x675.jpg 900w, http:\/\/bialydunajec.com.pl\/dla-turysty\/wp-content\/uploads\/sites\/2\/2022\/03\/IMG_8514-1536x1152.jpg 1536w, http:\/\/bialydunajec.com.pl\/dla-turysty\/wp-content\/uploads\/sites\/2\/2022\/03\/IMG_8514-2048x1536.jpg 2048w\" sizes=\"auto, (max-width: 2560px) 100vw, 2560px\" \/><\/a><\/figure>\n\n\n\n<figure class=\"wp-block-image size-large is-style-default\"><a href=\"http:\/\/bialydunajec.com.pl\/dla-turysty\/wp-content\/uploads\/sites\/2\/2022\/03\/IMG_8541-scaled.jpg\" rel=\"lightbox[320]\"><img loading=\"lazy\" decoding=\"async\" width=\"1920\" height=\"2560\" data-id=\"340\" src=\"http:\/\/bialydunajec.com.pl\/dla-turysty\/wp-content\/uploads\/sites\/2\/2022\/03\/IMG_8541-scaled.jpg\" alt=\"\" class=\"wp-image-340\" srcset=\"http:\/\/bialydunajec.com.pl\/dla-turysty\/wp-content\/uploads\/sites\/2\/2022\/03\/IMG_8541-scaled.jpg 1920w, http:\/\/bialydunajec.com.pl\/dla-turysty\/wp-content\/uploads\/sites\/2\/2022\/03\/IMG_8541-506x675.jpg 506w, http:\/\/bialydunajec.com.pl\/dla-turysty\/wp-content\/uploads\/sites\/2\/2022\/03\/IMG_8541-1152x1536.jpg 1152w, http:\/\/bialydunajec.com.pl\/dla-turysty\/wp-content\/uploads\/sites\/2\/2022\/03\/IMG_8541-1536x2048.jpg 1536w\" sizes=\"auto, (max-width: 1920px) 100vw, 1920px\" \/><\/a><\/figure>\n\n\n\n<figure class=\"wp-block-image size-large is-style-default\"><a href=\"http:\/\/bialydunajec.com.pl\/dla-turysty\/wp-content\/uploads\/sites\/2\/2022\/03\/IMG_8562-scaled.jpg\" rel=\"lightbox[320]\"><img loading=\"lazy\" decoding=\"async\" width=\"2560\" height=\"1920\" data-id=\"342\" src=\"http:\/\/bialydunajec.com.pl\/dla-turysty\/wp-content\/uploads\/sites\/2\/2022\/03\/IMG_8562-scaled.jpg\" alt=\"\" class=\"wp-image-342\" srcset=\"http:\/\/bialydunajec.com.pl\/dla-turysty\/wp-content\/uploads\/sites\/2\/2022\/03\/IMG_8562-scaled.jpg 2560w, http:\/\/bialydunajec.com.pl\/dla-turysty\/wp-content\/uploads\/sites\/2\/2022\/03\/IMG_8562-900x675.jpg 900w, http:\/\/bialydunajec.com.pl\/dla-turysty\/wp-content\/uploads\/sites\/2\/2022\/03\/IMG_8562-1536x1152.jpg 1536w, http:\/\/bialydunajec.com.pl\/dla-turysty\/wp-content\/uploads\/sites\/2\/2022\/03\/IMG_8562-2048x1536.jpg 2048w\" sizes=\"auto, (max-width: 2560px) 100vw, 2560px\" \/><\/a><\/figure>\n\n\n\n<figure class=\"wp-block-image size-large is-style-default\"><a href=\"http:\/\/bialydunajec.com.pl\/dla-turysty\/wp-content\/uploads\/sites\/2\/2022\/03\/IMG_8502-2-scaled.jpg\" rel=\"lightbox[320]\"><img loading=\"lazy\" decoding=\"async\" width=\"2560\" height=\"1660\" data-id=\"337\" src=\"http:\/\/bialydunajec.com.pl\/dla-turysty\/wp-content\/uploads\/sites\/2\/2022\/03\/IMG_8502-2-scaled.jpg\" alt=\"\" class=\"wp-image-337\" srcset=\"http:\/\/bialydunajec.com.pl\/dla-turysty\/wp-content\/uploads\/sites\/2\/2022\/03\/IMG_8502-2-scaled.jpg 2560w, http:\/\/bialydunajec.com.pl\/dla-turysty\/wp-content\/uploads\/sites\/2\/2022\/03\/IMG_8502-2-1041x675.jpg 1041w, http:\/\/bialydunajec.com.pl\/dla-turysty\/wp-content\/uploads\/sites\/2\/2022\/03\/IMG_8502-2-1536x996.jpg 1536w, http:\/\/bialydunajec.com.pl\/dla-turysty\/wp-content\/uploads\/sites\/2\/2022\/03\/IMG_8502-2-2048x1328.jpg 2048w\" sizes=\"auto, (max-width: 2560px) 100vw, 2560px\" \/><\/a><\/figure>\n\n\n\n<figure class=\"wp-block-image size-large is-style-default\"><a href=\"http:\/\/bialydunajec.com.pl\/dla-turysty\/wp-content\/uploads\/sites\/2\/2022\/03\/IMG_8492-scaled.jpg\" rel=\"lightbox[320]\"><img loading=\"lazy\" decoding=\"async\" width=\"1920\" height=\"2560\" data-id=\"336\" src=\"http:\/\/bialydunajec.com.pl\/dla-turysty\/wp-content\/uploads\/sites\/2\/2022\/03\/IMG_8492-scaled.jpg\" alt=\"\" class=\"wp-image-336\" srcset=\"http:\/\/bialydunajec.com.pl\/dla-turysty\/wp-content\/uploads\/sites\/2\/2022\/03\/IMG_8492-scaled.jpg 1920w, http:\/\/bialydunajec.com.pl\/dla-turysty\/wp-content\/uploads\/sites\/2\/2022\/03\/IMG_8492-506x675.jpg 506w, http:\/\/bialydunajec.com.pl\/dla-turysty\/wp-content\/uploads\/sites\/2\/2022\/03\/IMG_8492-1152x1536.jpg 1152w, http:\/\/bialydunajec.com.pl\/dla-turysty\/wp-content\/uploads\/sites\/2\/2022\/03\/IMG_8492-1536x2048.jpg 1536w\" sizes=\"auto, (max-width: 1920px) 100vw, 1920px\" \/><\/a><\/figure>\n\n\n\n<figure class=\"wp-block-image size-large is-style-default\"><a href=\"http:\/\/bialydunajec.com.pl\/dla-turysty\/wp-content\/uploads\/sites\/2\/2022\/03\/IMG_8474-scaled.jpg\" rel=\"lightbox[320]\"><img loading=\"lazy\" decoding=\"async\" width=\"2560\" height=\"1920\" data-id=\"335\" src=\"http:\/\/bialydunajec.com.pl\/dla-turysty\/wp-content\/uploads\/sites\/2\/2022\/03\/IMG_8474-scaled.jpg\" alt=\"\" class=\"wp-image-335\" srcset=\"http:\/\/bialydunajec.com.pl\/dla-turysty\/wp-content\/uploads\/sites\/2\/2022\/03\/IMG_8474-scaled.jpg 2560w, http:\/\/bialydunajec.com.pl\/dla-turysty\/wp-content\/uploads\/sites\/2\/2022\/03\/IMG_8474-900x675.jpg 900w, http:\/\/bialydunajec.com.pl\/dla-turysty\/wp-content\/uploads\/sites\/2\/2022\/03\/IMG_8474-1536x1152.jpg 1536w, http:\/\/bialydunajec.com.pl\/dla-turysty\/wp-content\/uploads\/sites\/2\/2022\/03\/IMG_8474-2048x1536.jpg 2048w\" sizes=\"auto, (max-width: 2560px) 100vw, 2560px\" \/><\/a><\/figure>\n<\/figure>\n\n\n\n<p>Do Bia\u0142ego Dunajca mo\u017cemy wr\u00f3ci\u0107 t\u0105 sam\u0105 drog\u0105 (w obie strony ok. 10 km, 2,5 h), albo przez Z\u0105b i Bustryk, Sierockie, Leszczyny.<\/p>\n","protected":false},"excerpt":{"rendered":"<p>Pocz\u0105tek tej jednej z najpi\u0119kniejszych widokowo tras na Podtatrzu mo\u017cemy umiejscowi\u0107 w okolicach most\u00f3w na Bia\u0142ym Dunajcu \u2013 drogowego i kolejowego. Charakterystyczne \u0142uki betonowego mostu, kt\u00f3ry zosta\u0142 oddany do u\u017cytku w latach 30. dwudziestego wieku zosta\u0142y zachowane w podobnej formie r\u00f3wnie\u017c w mo\u015bcie, kt\u00f3ry jest jego nast\u0119pc\u0105. To jeden z symboli miejscowo\u015bci \u2013 najwybitniejszy bia\u0142odunajecki&#8230;<\/p>\n","protected":false},"author":5,"featured_media":361,"comment_status":"open","ping_status":"open","sticky":false,"template":"","format":"standard","meta":{"footnotes":""},"categories":[4],"tags":[],"class_list":["post-320","post","type-post","status-publish","format-standard","has-post-thumbnail","hentry","category-piechota-przez-gmine"],"_links":{"self":[{"href":"http:\/\/bialydunajec.com.pl\/dla-turysty\/wp-json\/wp\/v2\/posts\/320","targetHints":{"allow":["GET"]}}],"collection":[{"href":"http:\/\/bialydunajec.com.pl\/dla-turysty\/wp-json\/wp\/v2\/posts"}],"about":[{"href":"http:\/\/bialydunajec.com.pl\/dla-turysty\/wp-json\/wp\/v2\/types\/post"}],"author":[{"embeddable":true,"href":"http:\/\/bialydunajec.com.pl\/dla-turysty\/wp-json\/wp\/v2\/users\/5"}],"replies":[{"embeddable":true,"href":"http:\/\/bialydunajec.com.pl\/dla-turysty\/wp-json\/wp\/v2\/comments?post=320"}],"version-history":[{"count":5,"href":"http:\/\/bialydunajec.com.pl\/dla-turysty\/wp-json\/wp\/v2\/posts\/320\/revisions"}],"predecessor-version":[{"id":351,"href":"http:\/\/bialydunajec.com.pl\/dla-turysty\/wp-json\/wp\/v2\/posts\/320\/revisions\/351"}],"wp:featuredmedia":[{"embeddable":true,"href":"http:\/\/bialydunajec.com.pl\/dla-turysty\/wp-json\/wp\/v2\/media\/361"}],"wp:attachment":[{"href":"http:\/\/bialydunajec.com.pl\/dla-turysty\/wp-json\/wp\/v2\/media?parent=320"}],"wp:term":[{"taxonomy":"category","embeddable":true,"href":"http:\/\/bialydunajec.com.pl\/dla-turysty\/wp-json\/wp\/v2\/categories?post=320"},{"taxonomy":"post_tag","embeddable":true,"href":"http:\/\/bialydunajec.com.pl\/dla-turysty\/wp-json\/wp\/v2\/tags?post=320"}],"curies":[{"name":"wp","href":"https:\/\/api.w.org\/{rel}","templated":true}]}}